{"id":922,"date":"2011-08-01T09:21:39","date_gmt":"2011-08-01T07:21:39","guid":{"rendered":"http:\/\/timoni.info\/?p=922"},"modified":"2011-08-02T18:15:17","modified_gmt":"2011-08-02T16:15:17","slug":"pulau-weh-sabang-oder-der-anfang-von-indonesien","status":"publish","type":"post","link":"https:\/\/timoni.info\/?p=922","title":{"rendered":"Pulau Weh &#8211; Sabang &#8211; oder der Anfang von Indonesien"},"content":{"rendered":"<p>Offiziell f\u00e4ngt Indonesien beim Kilometer Null auf Pulau Weh an, auch wenn etwas n\u00f6rdlich noch eine unbewohnte Insel liegt, die auch zu Indonesien geh\u00f6rt. Aber auf Pulau Weh kann man sch\u00f6n abh\u00e4ngen, Tauchen und den Tag genie\u00dfen.<\/p>\n<div id=\"attachment_927\" style=\"width: 571px\" class=\"wp-caption aligncenter\"><a href=\"https:\/\/timoni.info\/wp-content\/uploads\/weh3.jpg\"><img loading=\"lazy\" decoding=\"async\" aria-describedby=\"caption-attachment-927\" class=\"size-full wp-image-927\" title=\"weh3\" src=\"https:\/\/timoni.info\/wp-content\/uploads\/weh3.jpg\" alt=\"\" width=\"561\" height=\"563\" srcset=\"https:\/\/timoni.info\/wp-content\/uploads\/weh3.jpg 561w, https:\/\/timoni.info\/wp-content\/uploads\/weh3-150x150.jpg 150w, https:\/\/timoni.info\/wp-content\/uploads\/weh3-298x300.jpg 298w\" sizes=\"auto, (max-width: 561px) 100vw, 561px\" \/><\/a><p id=\"caption-attachment-927\" class=\"wp-caption-text\">KM Null von Indonesien. Hier f\u00e4ngt das gr\u00f6\u00dfte Islamische Land der Welt an. <\/p><\/div>\n<div id=\"attachment_928\" style=\"width: 830px\" class=\"wp-caption aligncenter\"><a href=\"https:\/\/timoni.info\/wp-content\/uploads\/weh4.jpg\"><img loading=\"lazy\" decoding=\"async\" aria-describedby=\"caption-attachment-928\" class=\"size-full wp-image-928\" title=\"weh4\" src=\"https:\/\/timoni.info\/wp-content\/uploads\/weh4.jpg\" alt=\"\" width=\"820\" height=\"620\" srcset=\"https:\/\/timoni.info\/wp-content\/uploads\/weh4.jpg 820w, https:\/\/timoni.info\/wp-content\/uploads\/weh4-300x226.jpg 300w\" sizes=\"auto, (max-width: 820px) 100vw, 820px\" \/><\/a><p id=\"caption-attachment-928\" class=\"wp-caption-text\">Denkmal KM Null gebaut von &quot;Prof. Dr. Ing. Habibie&quot; - Ne \u00c4gypter?<\/p><\/div>\n<div id=\"attachment_929\" style=\"width: 310px\" class=\"wp-caption aligncenter\"><a href=\"https:\/\/timoni.info\/wp-content\/uploads\/weh5.jpg\"><img loading=\"lazy\" decoding=\"async\" aria-describedby=\"caption-attachment-929\" class=\"size-medium wp-image-929\" title=\"weh5\" src=\"https:\/\/timoni.info\/wp-content\/uploads\/weh5-300x163.jpg\" alt=\"\" width=\"300\" height=\"163\" srcset=\"https:\/\/timoni.info\/wp-content\/uploads\/weh5-300x163.jpg 300w, https:\/\/timoni.info\/wp-content\/uploads\/weh5-1024x557.jpg 1024w, https:\/\/timoni.info\/wp-content\/uploads\/weh5.jpg 1151w\" sizes=\"auto, (max-width: 300px) 100vw, 300px\" \/><\/a><p id=\"caption-attachment-929\" class=\"wp-caption-text\">Wer es nicht auf der Karte findet, hier die Koordinaten. <\/p><\/div>\n<div id=\"attachment_924\" style=\"width: 810px\" class=\"wp-caption aligncenter\"><a href=\"https:\/\/timoni.info\/wp-content\/uploads\/weh1.jpg\"><img loading=\"lazy\" decoding=\"async\" aria-describedby=\"caption-attachment-924\" class=\"size-full wp-image-924\" title=\"weh1\" src=\"https:\/\/timoni.info\/wp-content\/uploads\/weh1.jpg\" alt=\"\" width=\"800\" height=\"600\" srcset=\"https:\/\/timoni.info\/wp-content\/uploads\/weh1.jpg 800w, https:\/\/timoni.info\/wp-content\/uploads\/weh1-300x225.jpg 300w\" sizes=\"auto, (max-width: 800px) 100vw, 800px\" \/><\/a><p id=\"caption-attachment-924\" class=\"wp-caption-text\">Fr\u00fchst\u00fccksplatz mit netter Aussicht. <\/p><\/div>\n<div id=\"attachment_925\" style=\"width: 810px\" class=\"wp-caption aligncenter\"><a href=\"https:\/\/timoni.info\/wp-content\/uploads\/weh2.jpg\"><img loading=\"lazy\" decoding=\"async\" aria-describedby=\"caption-attachment-925\" class=\"size-full wp-image-925\" title=\"weh2\" src=\"https:\/\/timoni.info\/wp-content\/uploads\/weh2.jpg\" alt=\"\" width=\"800\" height=\"600\" srcset=\"https:\/\/timoni.info\/wp-content\/uploads\/weh2.jpg 800w, https:\/\/timoni.info\/wp-content\/uploads\/weh2-300x225.jpg 300w\" sizes=\"auto, (max-width: 800px) 100vw, 800px\" \/><\/a><p id=\"caption-attachment-925\" class=\"wp-caption-text\">Unser H\u00fctte. Beste am Ort. 12 EUR. <\/p><\/div>\n<p>Tauchen ist hier gut. Also anders als im Roten Meer. Viel weniger Korallen, daf\u00fcr mehr gr\u00f6\u00dfere Fische. Wir haben 4 Tauchg\u00e4nge gemacht und vielleicht kommt morgen noch einer in der Fr\u00fche hinzu. Nur so wenig? Jo, Ramadan und Freitags ist die Tauchschule geschlossen. Wir haben beides hier erwischt. Den ein oder anderen Tauchgang h\u00e4tten wir hier schon noch machen k\u00f6nnen. Gro\u00dfe Fischschulen, sehr gro\u00dfe Brakuda, Jackfische, Travellies und viele bunte Mur\u00e4nen. Bilder haben wir davon allerdings nicht. Auch ja, gibt auch viel, viel Str\u00f6mung! Aber die Tauchpl\u00e4tze sind limitiert. Also nix f\u00fcr 2 Wochen Tauchurlaub.<\/p>\n<div id=\"attachment_932\" style=\"width: 310px\" class=\"wp-caption aligncenter\"><a href=\"https:\/\/timoni.info\/wp-content\/uploads\/weh11.jpg\"><img loading=\"lazy\" decoding=\"async\" aria-describedby=\"caption-attachment-932\" class=\"size-medium wp-image-932\" title=\"weh1\" src=\"https:\/\/timoni.info\/wp-content\/uploads\/weh11-300x225.jpg\" alt=\"\" width=\"300\" height=\"225\" srcset=\"https:\/\/timoni.info\/wp-content\/uploads\/weh11-300x225.jpg 300w, https:\/\/timoni.info\/wp-content\/uploads\/weh11.jpg 1000w\" sizes=\"auto, (max-width: 300px) 100vw, 300px\" \/><\/a><p id=\"caption-attachment-932\" class=\"wp-caption-text\">Eboh Strand auf Pulau Weh. Schon sehr sch\u00f6n. \ud83d\ude42<\/p><\/div>\n<p><a href=\"https:\/\/timoni.info\/wp-content\/uploads\/weh21.jpg\"><img loading=\"lazy\" decoding=\"async\" class=\"aligncenter size-full wp-image-934\" title=\"weh2\" src=\"https:\/\/timoni.info\/wp-content\/uploads\/weh21.jpg\" alt=\"\" width=\"600\" height=\"800\" srcset=\"https:\/\/timoni.info\/wp-content\/uploads\/weh21.jpg 600w, https:\/\/timoni.info\/wp-content\/uploads\/weh21-225x300.jpg 225w\" sizes=\"auto, (max-width: 600px) 100vw, 600px\" \/><\/a><\/p>\n","protected":false},"excerpt":{"rendered":"<p>Offiziell f\u00e4ngt Indonesien beim Kilometer Null auf Pulau Weh an, auch wenn etwas n\u00f6rdlich noch eine unbewohnte Insel liegt, die auch zu Indonesien geh\u00f6rt. Aber auf Pulau Weh kann man sch\u00f6n abh\u00e4ngen, Tauchen und den Tag genie\u00dfen. Tauchen ist hier &hellip; <a href=\"https:\/\/timoni.info\/?p=922\">Weiterlesen <span class=\"meta-nav\">&rarr;<\/span><\/a><\/p>\n","protected":false},"author":6,"featured_media":0,"comment_status":"open","ping_status":"closed","sticky":false,"template":"","format":"standard","meta":{"footnotes":""},"categories":[12],"tags":[],"class_list":["post-922","post","type-post","status-publish","format-standard","hentry","category-indonesien"],"_links":{"self":[{"href":"https:\/\/timoni.info\/index.php?rest_route=\/wp\/v2\/posts\/922","targetHints":{"allow":["GET"]}}],"collection":[{"href":"https:\/\/timoni.info\/index.php?rest_route=\/wp\/v2\/posts"}],"about":[{"href":"https:\/\/timoni.info\/index.php?rest_route=\/wp\/v2\/types\/post"}],"author":[{"embeddable":true,"href":"https:\/\/timoni.info\/index.php?rest_route=\/wp\/v2\/users\/6"}],"replies":[{"embeddable":true,"href":"https:\/\/timoni.info\/index.php?rest_route=%2Fwp%2Fv2%2Fcomments&post=922"}],"version-history":[{"count":4,"href":"https:\/\/timoni.info\/index.php?rest_route=\/wp\/v2\/posts\/922\/revisions"}],"predecessor-version":[{"id":933,"href":"https:\/\/timoni.info\/index.php?rest_route=\/wp\/v2\/posts\/922\/revisions\/933"}],"wp:attachment":[{"href":"https:\/\/timoni.info\/index.php?rest_route=%2Fwp%2Fv2%2Fmedia&parent=922"}],"wp:term":[{"taxonomy":"category","embeddable":true,"href":"https:\/\/timoni.info\/index.php?rest_route=%2Fwp%2Fv2%2Fcategories&post=922"},{"taxonomy":"post_tag","embeddable":true,"href":"https:\/\/timoni.info\/index.php?rest_route=%2Fwp%2Fv2%2Ftags&post=922"}],"curies":[{"name":"wp","href":"https:\/\/api.w.org\/{rel}","templated":true}]}}